{"id":3066,"date":"2019-12-19T18:00:35","date_gmt":"2019-12-19T16:00:35","guid":{"rendered":"https:\/\/www.sourcetronic.com\/sourcetronic-au-salon-productronica-2019\/"},"modified":"2023-06-19T10:34:33","modified_gmt":"2023-06-19T08:34:33","slug":"sourcetronic-au-salon-productronica-2019","status":"publish","type":"post","link":"https:\/\/www.sourcetronic.com\/fr\/sourcetronic-au-salon-productronica-2019\/","title":{"rendered":"Sourcetronic au salon Productronica 2019"},"content":{"rendered":"\r\n<p style=\"text-align: left;\">Cette ann\u00e9e encore, Productronica s&#8217;est d\u00e9roul\u00e9e \u00e0 Munich du 12 au 15 novembre 2019. Sourcetronic \u00e9tait pr\u00e9sent avec un nouveau stand et trois conseillers \u00e0 la client\u00e8le et a inform\u00e9 les visiteurs sur les diff\u00e9rents domaines de la <a href=\"https:\/\/www.sourcetronic.com\/shop\/fr\/technologie-de-mesure\/\">technique de mesure<\/a>, de la <a href=\"https:\/\/www.sourcetronic.com\/shop\/fr\/technologie-d-entrainement\/\">technique d&#8217;entra\u00eenement<\/a> et des <a href=\"https:\/\/www.sourcetronic.com\/shop\/fr\/logiciel-de-mesure\/\">logiciels<\/a>. Le nouveau multim\u00e8tre ST1963 ou la nouvelle pincette LCR ST2822M, qui ont \u00e9t\u00e9 pr\u00e9sent\u00e9s parmi de nombreux autres instruments de mesure au salon, ont \u00e9t\u00e9 pr\u00e9sent\u00e9s.<\/p>\r\n\r\n\r\n\r\n<div class=\"wp-block-image\">\r\n<figure class=\"aligncenter\"><img decoding=\"async\" id=\"productronica-1\" title=\"\" src=\"https:\/\/www.sourcetronic.com\/wp-content\/uploads\/2019\/11\/image-2.png\" alt=\"\" \/><\/figure>\r\n<\/div>\r\n\r\n\r\n\r\n<h2 class=\"wp-block-heading\" id=\"productronica-ue\">Le Productronica 2019<\/h2>\r\n\r\n\r\n\r\n<p>Productronica a \u00e9t\u00e9 tr\u00e8s populaire cette ann\u00e9e avec plus de 44.000 visiteurs de 96 pays. En outre, plus de 1 500 exposants venus de 44 pays ont pr\u00e9sent\u00e9 les derniers produits et innovations de l&#8217;\u00e9lectrotechnique. Chaque ann\u00e9e, le salon de Munich, en alternance avec Electronica, est l&#8217;un des lieux de rencontre les plus importants de l&#8217;industrie \u00e9lectronique.<\/p>\r\n\r\n\r\n\r\n<h2 class=\"wp-block-heading\" id=\"productronica-ue\">Pr\u00e9sentation de nouveaux produits<\/h2>\r\n\r\n\r\n\r\n<p>Cette ann\u00e9e, Sourcetronic a pr\u00e9sent\u00e9 quelques nouveaux appareils dans le hall A1, tels que le multim\u00e8tre ST1963. De plus, la nouvelle pincette LCR ST2822M a \u00e9t\u00e9 pr\u00e9sent\u00e9e, ce qui a convaincu les visiteurs par sa maniabilit\u00e9.<\/p>\r\n\r\n<p>En outre, le nouveau logiciel <a href=\"https:\/\/www.sourcetronic.com\/shop\/fr\/st-metre-4-0-fr.html\">ST\u00aeMeter 4.0<\/a> de <a href=\"https:\/\/www.sourcetronic.com\/shop\/fr\/pont-rlc\/\">LCR-M\u00e8tre<\/a>\u00a0a \u00e9t\u00e9 introduit, qui permet un affichage graphique en direct des valeurs mesur\u00e9es et une commande \u00e0 distance des instruments de mesure LCR via un ordinateur portable, par exemple.<\/p>\r\n<p><!-- \/wp:post-content --><\/p>\r\n<p><!-- wp:paragraph --><\/p>\r\n<p>En outre, les experts ont fourni des conseils g\u00e9n\u00e9raux aux parties int\u00e9ress\u00e9es sur les principaux th\u00e8mes de la technique de mesure, de la technique d&#8217;entra\u00eenement et des logiciels.<\/p>\r\n<p><!-- \/wp:paragraph --><\/p>\r\n<p><!-- wp:heading --><\/p>\r\n<h2 id=\"productronica-ue\">Le nouveau stand d&#8217;exposition de Sourcetronic LED<\/h2>\r\n<p><!-- \/wp:heading --><\/p>\r\n<p><!-- wp:paragraph --><\/p>\r\n<p>Pour le salon de l&#8217;\u00e9lectronique de Munich, Sourcetronic s&#8217;est d\u00e9plac\u00e9 sp\u00e9cialement avec un nouveau stand d&#8217;exposition pour donner aux visiteurs, aux int\u00e9ress\u00e9s et aux clients une premi\u00e8re impression professionnelle. Le stand est \u00e9quip\u00e9 de murs LED, d&#8217;un grand \u00e9cran et d&#8217;un grand cube avec impression Sourcetronic suspendu au plafond.<\/p>\r\n<p><!-- \/wp:paragraph --><\/p>\r\n<p><!-- wp:image {\"id\":2981,\"align\":\"center\",\"width\":431,\"height\":287} --><\/p>\r\n<div class=\"wp-block-image\">\r\n<figure class=\"aligncenter is-resized\"><img loading=\"lazy\" decoding=\"async\" id=\"productronica-2\" title=\"\" src=\"https:\/\/www.sourcetronic.com\/wp-content\/uploads\/2019\/11\/image.png\" alt=\"Stand d'exposition Sourcetronic\" width=\"431\" height=\"287\" \/><\/figure>\r\n<\/div>\r\n<p><!-- \/wp:image --><\/p>\r\n<p><!-- wp:paragraph --><\/p>\r\n<p><!-- \/wp:paragraph --><\/p>\r\n<p><!-- wp:paragraph --><\/p>\r\n<p>Sourcetronic souhaite \u00eatre pr\u00e9sent \u00e0 l&#8217;avenir sur de nombreux autres salons en Allemagne et \u00e0 l&#8217;\u00e9tranger afin que vous, en tant que client ou partie int\u00e9ress\u00e9e, ayez la possibilit\u00e9 de trouver une solution de premi\u00e8re classe \u00e0 votre probl\u00e8me technique directement sur place. L&#8217;ann\u00e9e prochaine, Sourcetronic exposera certainement au salon electronica 2020 \u00e0 Munich. Vous trouverez ici de plus amples informations sur les avantages des services tels que l&#8217;\u00e9talonnage et la calibration. Le d\u00e9veloppement de logiciels, ainsi que les diff\u00e9rents appareils tels que les compteurs LCR, les multim\u00e8tres ou les <a href=\"https:\/\/www.sourcetronic.com\/shop\/fr\/variateurs-de-frequence\/\">variateurs de fr\u00e9quence<\/a>.<\/p>\r\n<p><!-- \/wp:paragraph --><\/p>\r\n<p><!-- wp:paragraph --><\/p>\r\n<p><!-- \/wp:paragraph --><\/p>\r\n<p><!-- wp:paragraph --><\/p>\r\n<p><!-- \/wp:paragraph --><\/p>","protected":false},"excerpt":{"rendered":"<p>Cette ann\u00e9e encore, Productronica s&#8217;est d\u00e9roul\u00e9e \u00e0 Munich du 12 au 15 novembre 2019. Sourcetronic \u00e9tait pr\u00e9sent avec un nouveau stand et [&hellip;]<\/p>\n","protected":false},"author":22,"featured_media":3072,"comment_status":"closed","ping_status":"closed","sticky":false,"template":"","format":"standard","meta":{"footnotes":""},"categories":[689],"tags":[],"class_list":["post-3066","post","type-post","status-publish","format-standard","has-post-thumbnail","hentry","category-generalites"],"yoast_head":"<!-- This site is optimized with the Yoast SEO plugin v27.4 - https:\/\/yoast.com\/product\/yoast-seo-wordpress\/ -->\n<title>Sourcetronic au salon Productronica 2019 - Sourcetronic GmbH<\/title>\n<meta name=\"robots\" content=\"index, follow, max-snippet:-1, max-image-preview:large, max-video-preview:-1\" \/>\n<meta property=\"og:locale\" content=\"fr_FR\" \/>\n<meta property=\"og:type\" content=\"article\" \/>\n<meta property=\"og:title\" content=\"Sourcetronic au salon Productronica 2019 - Sourcetronic GmbH\" \/>\n<meta property=\"og:description\" content=\"Cette ann\u00e9e encore, Productronica s&#8217;est d\u00e9roul\u00e9e \u00e0 Munich du 12 au 15 novembre 2019. Sourcetronic \u00e9tait pr\u00e9sent avec un nouveau stand et [&hellip;]\" \/>\n<meta property=\"og:url\" content=\"https:\/\/www.sourcetronic.com\/fr\/sourcetronic-au-salon-productronica-2019\/\" \/>\n<meta property=\"og:site_name\" content=\"Sourcetronic GmbH\" \/>\n<meta property=\"article:published_time\" content=\"2019-12-19T16:00:35+00:00\" \/>\n<meta property=\"article:modified_time\" content=\"2023-06-19T08:34:33+00:00\" \/>\n<meta property=\"og:image\" content=\"https:\/\/www.sourcetronic.com\/wp-content\/uploads\/2019\/11\/image.png\" \/>\n\t<meta property=\"og:image:width\" content=\"387\" \/>\n\t<meta property=\"og:image:height\" content=\"258\" \/>\n\t<meta property=\"og:image:type\" content=\"image\/png\" \/>\n<meta name=\"author\" content=\"Phillip Ludemann\" \/>\n<meta name=\"twitter:card\" content=\"summary_large_image\" \/>\n<meta name=\"twitter:label1\" content=\"Written by\" \/>\n\t<meta name=\"twitter:data1\" content=\"Phillip Ludemann\" \/>\n\t<meta name=\"twitter:label2\" content=\"Est. reading time\" \/>\n\t<meta name=\"twitter:data2\" content=\"3 minutes\" \/>\n<!-- \/ Yoast SEO plugin. -->","yoast_head_json":{"title":"Sourcetronic au salon Productronica 2019 - Sourcetronic GmbH","robots":{"index":"index","follow":"follow","max-snippet":"max-snippet:-1","max-image-preview":"max-image-preview:large","max-video-preview":"max-video-preview:-1"},"og_locale":"fr_FR","og_type":"article","og_title":"Sourcetronic au salon Productronica 2019 - Sourcetronic GmbH","og_description":"Cette ann\u00e9e encore, Productronica s&#8217;est d\u00e9roul\u00e9e \u00e0 Munich du 12 au 15 novembre 2019. Sourcetronic \u00e9tait pr\u00e9sent avec un nouveau stand et [&hellip;]","og_url":"https:\/\/www.sourcetronic.com\/fr\/sourcetronic-au-salon-productronica-2019\/","og_site_name":"Sourcetronic GmbH","article_published_time":"2019-12-19T16:00:35+00:00","article_modified_time":"2023-06-19T08:34:33+00:00","og_image":[{"width":387,"height":258,"url":"https:\/\/www.sourcetronic.com\/wp-content\/uploads\/2019\/11\/image.png","type":"image\/png"}],"author":"Phillip Ludemann","twitter_card":"summary_large_image","twitter_misc":{"Written by":"Phillip Ludemann","Est. reading time":"3 minutes"},"schema":{"@context":"https:\/\/schema.org","@graph":[{"@type":"Article","@id":"https:\/\/www.sourcetronic.com\/fr\/sourcetronic-au-salon-productronica-2019\/#article","isPartOf":{"@id":"https:\/\/www.sourcetronic.com\/fr\/sourcetronic-au-salon-productronica-2019\/"},"author":{"name":"Phillip Ludemann","@id":"https:\/\/www.sourcetronic.com\/fr\/#\/schema\/person\/6541510825dad677e78696447b327600"},"headline":"Sourcetronic au salon Productronica 2019","datePublished":"2019-12-19T16:00:35+00:00","dateModified":"2023-06-19T08:34:33+00:00","mainEntityOfPage":{"@id":"https:\/\/www.sourcetronic.com\/fr\/sourcetronic-au-salon-productronica-2019\/"},"wordCount":439,"publisher":{"@id":"https:\/\/www.sourcetronic.com\/fr\/#organization"},"image":{"@id":"https:\/\/www.sourcetronic.com\/fr\/sourcetronic-au-salon-productronica-2019\/#primaryimage"},"thumbnailUrl":"https:\/\/www.sourcetronic.com\/wp-content\/uploads\/2019\/11\/image.png","articleSection":["G\u00e9n\u00e9ralit\u00e9s"],"inLanguage":"fr"},{"@type":"WebPage","@id":"https:\/\/www.sourcetronic.com\/fr\/sourcetronic-au-salon-productronica-2019\/","url":"https:\/\/www.sourcetronic.com\/fr\/sourcetronic-au-salon-productronica-2019\/","name":"Sourcetronic au salon Productronica 2019 - Sourcetronic GmbH","isPartOf":{"@id":"https:\/\/www.sourcetronic.com\/fr\/#website"},"primaryImageOfPage":{"@id":"https:\/\/www.sourcetronic.com\/fr\/sourcetronic-au-salon-productronica-2019\/#primaryimage"},"image":{"@id":"https:\/\/www.sourcetronic.com\/fr\/sourcetronic-au-salon-productronica-2019\/#primaryimage"},"thumbnailUrl":"https:\/\/www.sourcetronic.com\/wp-content\/uploads\/2019\/11\/image.png","datePublished":"2019-12-19T16:00:35+00:00","dateModified":"2023-06-19T08:34:33+00:00","breadcrumb":{"@id":"https:\/\/www.sourcetronic.com\/fr\/sourcetronic-au-salon-productronica-2019\/#breadcrumb"},"inLanguage":"fr","potentialAction":[{"@type":"ReadAction","target":["https:\/\/www.sourcetronic.com\/fr\/sourcetronic-au-salon-productronica-2019\/"]}]},{"@type":"ImageObject","inLanguage":"fr","@id":"https:\/\/www.sourcetronic.com\/fr\/sourcetronic-au-salon-productronica-2019\/#primaryimage","url":"https:\/\/www.sourcetronic.com\/wp-content\/uploads\/2019\/11\/image.png","contentUrl":"https:\/\/www.sourcetronic.com\/wp-content\/uploads\/2019\/11\/image.png","width":387,"height":258,"caption":"Sourcetronic Stand auf einer Messe"},{"@type":"BreadcrumbList","@id":"https:\/\/www.sourcetronic.com\/fr\/sourcetronic-au-salon-productronica-2019\/#breadcrumb","itemListElement":[{"@type":"ListItem","position":1,"name":"Home","item":"https:\/\/www.sourcetronic.com\/shop\/fr\/"},{"@type":"ListItem","position":2,"name":"Sourcetronic au salon Productronica 2019"}]},{"@type":"WebSite","@id":"https:\/\/www.sourcetronic.com\/fr\/#website","url":"https:\/\/www.sourcetronic.com\/fr\/","name":"Sourcetronic GmbH","description":"we love electrons","publisher":{"@id":"https:\/\/www.sourcetronic.com\/fr\/#organization"},"potentialAction":[{"@type":"SearchAction","target":{"@type":"EntryPoint","urlTemplate":"https:\/\/www.sourcetronic.com\/fr\/?s={search_term_string}"},"query-input":{"@type":"PropertyValueSpecification","valueRequired":true,"valueName":"search_term_string"}}],"inLanguage":"fr"},{"@type":"Organization","@id":"https:\/\/www.sourcetronic.com\/fr\/#organization","name":"Sourcetronic GmbH","url":"https:\/\/www.sourcetronic.com\/fr\/","logo":{"@type":"ImageObject","inLanguage":"fr","@id":"https:\/\/www.sourcetronic.com\/fr\/#\/schema\/logo\/image\/","url":"https:\/\/www.sourcetronic.com\/wp-content\/uploads\/2019\/07\/st-icon-logo.png","contentUrl":"https:\/\/www.sourcetronic.com\/wp-content\/uploads\/2019\/07\/st-icon-logo.png","width":500,"height":500,"caption":"Sourcetronic GmbH"},"image":{"@id":"https:\/\/www.sourcetronic.com\/fr\/#\/schema\/logo\/image\/"}},{"@type":"Person","@id":"https:\/\/www.sourcetronic.com\/fr\/#\/schema\/person\/6541510825dad677e78696447b327600","name":"Phillip Ludemann","image":{"@type":"ImageObject","inLanguage":"fr","@id":"https:\/\/secure.gravatar.com\/avatar\/617918655a8f9e537c7e4ebb5d1ee9bc5107f1111434c959655db86d9f089c09?s=96&r=g","url":"https:\/\/secure.gravatar.com\/avatar\/617918655a8f9e537c7e4ebb5d1ee9bc5107f1111434c959655db86d9f089c09?s=96&r=g","contentUrl":"https:\/\/secure.gravatar.com\/avatar\/617918655a8f9e537c7e4ebb5d1ee9bc5107f1111434c959655db86d9f089c09?s=96&r=g","caption":"Phillip Ludemann"}}]}},"_links":{"self":[{"href":"https:\/\/www.sourcetronic.com\/fr\/wp-json\/wp\/v2\/posts\/3066","targetHints":{"allow":["GET"]}}],"collection":[{"href":"https:\/\/www.sourcetronic.com\/fr\/wp-json\/wp\/v2\/posts"}],"about":[{"href":"https:\/\/www.sourcetronic.com\/fr\/wp-json\/wp\/v2\/types\/post"}],"author":[{"embeddable":true,"href":"https:\/\/www.sourcetronic.com\/fr\/wp-json\/wp\/v2\/users\/22"}],"replies":[{"embeddable":true,"href":"https:\/\/www.sourcetronic.com\/fr\/wp-json\/wp\/v2\/comments?post=3066"}],"version-history":[{"count":8,"href":"https:\/\/www.sourcetronic.com\/fr\/wp-json\/wp\/v2\/posts\/3066\/revisions"}],"predecessor-version":[{"id":5210,"href":"https:\/\/www.sourcetronic.com\/fr\/wp-json\/wp\/v2\/posts\/3066\/revisions\/5210"}],"wp:featuredmedia":[{"embeddable":true,"href":"https:\/\/www.sourcetronic.com\/fr\/wp-json\/wp\/v2\/media\/3072"}],"wp:attachment":[{"href":"https:\/\/www.sourcetronic.com\/fr\/wp-json\/wp\/v2\/media?parent=3066"}],"wp:term":[{"taxonomy":"category","embeddable":true,"href":"https:\/\/www.sourcetronic.com\/fr\/wp-json\/wp\/v2\/categories?post=3066"},{"taxonomy":"post_tag","embeddable":true,"href":"https:\/\/www.sourcetronic.com\/fr\/wp-json\/wp\/v2\/tags?post=3066"}],"curies":[{"name":"wp","href":"https:\/\/api.w.org\/{rel}","templated":true}]}}